{"id":923,"date":"2018-08-29T18:16:19","date_gmt":"2018-08-29T21:16:19","guid":{"rendered":"http:\/\/www.teakrc.com\/?p=923"},"modified":"2018-08-29T18:16:19","modified_gmt":"2018-08-29T21:16:19","slug":"ten-years-of-planted-forests","status":"publish","type":"post","link":"https:\/\/www.teakrc.com\/pb\/ten-years-of-planted-forests\/","title":{"rendered":"Dez anos de florestas plantadas"},"content":{"rendered":"<p>[vc_row][vc_column][vc_column_text css=&#8221;.vc_custom_1535576589476{margin-top: -20px !important;}&#8221;]<\/p>\n<h4><em><span style=\"font-weight: 400;\">Artigo aponta mudan\u00e7as na \u00e1rea florestal na \u00faltima d\u00e9cada<\/span><\/em><\/h4>\n<p>[\/vc_column_text][vc_column_text]A \u00e1rea mundial de florestas plantadas aumentou <strong>2,89%<\/strong> entre <strong>1990 e 2015<\/strong>, indo de <strong>167,5 milh\u00f5es de hectares para 277,9 milh\u00f5es<\/strong>, o que corresponde a <strong>6,95% da \u00e1rea florestal total<\/strong>. O aumento foi mais r\u00e1pido na zona temperada, e regionalmente no leste da \u00c1sia, seguido pela Europa, Am\u00e9rica do Norte e Sul e Sudeste Asi\u00e1tico. Os dados s\u00e3o de um artigo publicado no jornal Elsevier.[\/vc_column_text][vc_single_image image=&#8221;924&#8243; img_size=&#8221;full&#8221; alignment=&#8221;center&#8221;][vc_column_text]Dos 277,9 milh\u00f5es de hectares de florestas plantadas em 2015, <strong>56%<\/strong> est\u00e3o na zona temperada, <strong>20%<\/strong> na tropical, onde est\u00e3o as fazendas da TRC, e <strong>9%<\/strong> na subtropical. Todas as zonas mostraram um aumento na \u00e1rea plantada, come\u00e7ando pela zona temperada seguido por zonas tropicais, boreais e subtropicais.<\/p>\n<p>Entretanto, a taxa anual de aumento na \u00e1rea de florestas plantadas diminuiu no per\u00edodo de 2010 a 2015 para 1,2%, abaixo da taxa de 2,4%, sugerida para suprir todas as necessidades de fibra e madeira do mundo. Mas apesar da diminui\u00e7\u00e3o do ritmo de crescimento, nenhum dos 20 principais pa\u00edses de silvicultura apontou perda de \u00e1rea plantada. O Brasil, inclusive, teve um aumento de <strong>2,8 milh\u00f5es de hectares<\/strong>, ficando na s\u00e9tima posi\u00e7\u00e3o do ranking, atr\u00e1s da China, Canad\u00e1, Estados Unidos, R\u00fassia, \u00cdndia e Su\u00e9cia.<\/p>\n<p>Em contrapartida, a cobertura florestal global diminuiu de 31,85% para 30,85%, o equivalente a uma perda de 290 milh\u00f5es de hectares. O artigo prev\u00ea que nos pr\u00f3ximos anos as mudan\u00e7as clim\u00e1ticas ter\u00e3o forte impacto na sa\u00fade florestal e o crescimento das florestas plantadas enfrentar\u00e1 dificuldades quanto \u00e0 disposi\u00e7\u00e3o de terra e crescimento populacional.[\/vc_column_text][vc_single_image image=&#8221;781&#8243; img_size=&#8221;full&#8221; alignment=&#8221;center&#8221;][vc_column_text]A <strong>TRC<\/strong> trabalha com foco no desenvolvimento sustent\u00e1vel de suas planta\u00e7\u00f5es de teca, utilizando estrat\u00e9gias de manejo e cultivo altamente eficientes para garantir o abastecimento de nossos clientes o ano todo. Acreditamos que com o comprometimento das na\u00e7\u00f5es e organiza\u00e7\u00f5es, os problemas clim\u00e1ticos poder\u00e3o ser revertidos.[\/vc_column_text][vc_btn title=&#8221;Conhe\u00e7a nossos produtos.&#8221; style=&#8221;flat&#8221; shape=&#8221;square&#8221; color=&#8221;green&#8221; size=&#8221;lg&#8221; align=&#8221;center&#8221; link=&#8221;url:http%3A%2F%2Fwww.teakrc.com%2Fpb%2Fprodutos%2F||target:%20_blank|&#8221; button_block=&#8221;true&#8221;][vc_separator][vc_video link=&#8221;https:\/\/youtu.be\/Oa0-_cRvl3A&#8221; align=&#8221;center&#8221; title=&#8221;Conhe\u00e7a a TRC \u2013 Excel\u00eancia em Teca Sustent\u00e1vel&#8221;][\/vc_column][\/vc_row]<\/p>","protected":false},"excerpt":{"rendered":"<p>[vc_row][vc_column][vc_column_text css=&#8221;.vc_custom_1535576589476{margin-top: -20px !important;}&#8221;] Artigo aponta mudan\u00e7as na \u00e1rea florestal na \u00faltima d\u00e9cada [\/vc_column_text][vc_column_text]A \u00e1rea mundial de florestas plantadas aumentou 2,89% entre 1990 e 2015, indo de 167,5 milh\u00f5es de hectares para 277,9 milh\u00f5es, o que corresponde a 6,95% da \u00e1rea florestal total. O aumento foi mais r\u00e1pido na zona temperada, e regionalmente no leste<\/p>\n","protected":false},"author":1,"featured_media":269,"comment_status":"open","ping_status":"open","sticky":false,"template":"","format":"standard","meta":{"footnotes":""},"categories":[1],"tags":[],"class_list":["post-923","post","type-post","status-publish","format-standard","has-post-thumbnail","hentry","category-sem-categoria","has-thumbnail"],"_links":{"self":[{"href":"https:\/\/www.teakrc.com\/pb\/wp-json\/wp\/v2\/posts\/923","targetHints":{"allow":["GET"]}}],"collection":[{"href":"https:\/\/www.teakrc.com\/pb\/wp-json\/wp\/v2\/posts"}],"about":[{"href":"https:\/\/www.teakrc.com\/pb\/wp-json\/wp\/v2\/types\/post"}],"author":[{"embeddable":true,"href":"https:\/\/www.teakrc.com\/pb\/wp-json\/wp\/v2\/users\/1"}],"replies":[{"embeddable":true,"href":"https:\/\/www.teakrc.com\/pb\/wp-json\/wp\/v2\/comments?post=923"}],"version-history":[{"count":5,"href":"https:\/\/www.teakrc.com\/pb\/wp-json\/wp\/v2\/posts\/923\/revisions"}],"predecessor-version":[{"id":930,"href":"https:\/\/www.teakrc.com\/pb\/wp-json\/wp\/v2\/posts\/923\/revisions\/930"}],"wp:featuredmedia":[{"embeddable":true,"href":"https:\/\/www.teakrc.com\/pb\/wp-json\/wp\/v2\/media\/269"}],"wp:attachment":[{"href":"https:\/\/www.teakrc.com\/pb\/wp-json\/wp\/v2\/media?parent=923"}],"wp:term":[{"taxonomy":"category","embeddable":true,"href":"https:\/\/www.teakrc.com\/pb\/wp-json\/wp\/v2\/categories?post=923"},{"taxonomy":"post_tag","embeddable":true,"href":"https:\/\/www.teakrc.com\/pb\/wp-json\/wp\/v2\/tags?post=923"}],"curies":[{"name":"wp","href":"https:\/\/api.w.org\/{rel}","templated":true}]}}