{"id":1721,"date":"2023-10-17T10:07:48","date_gmt":"2023-10-17T13:07:48","guid":{"rendered":"http:\/\/www.teakrc.com\/?p=1721"},"modified":"2023-10-17T10:08:10","modified_gmt":"2023-10-17T13:08:10","slug":"toque-de-letra-educacao-e-esporte-de-maos-dadas","status":"publish","type":"post","link":"https:\/\/www.teakrc.com\/pb\/toque-de-letra-educacao-e-esporte-de-maos-dadas\/","title":{"rendered":"Toque de Letra: Educa\u00e7\u00e3o e Esporte de m\u00e3os dadas"},"content":{"rendered":"<p>[vc_row][vc_column][vc_column_text]<em>A\u00e7\u00e3o social da TRC<\/em>[\/vc_column_text][vc_empty_space][vc_column_text]<span class=\"fontSizeXLargePlus\">O\u00a0<strong>Projeto Social Toque de Letra<\/strong>\u00a0teve in\u00edcio em setembro de 2021 com o apoio e realiza\u00e7\u00e3o da TRC.<\/span><\/p>\n<p><span class=\"fontSizeXLargePlus\">Estamos comprometidos em\u00a0<strong>transformar as realidades<\/strong>\u00a0das comunidades das quais fazemos parte, na regi\u00e3o de abrang\u00eancia de nossas \u00e1reas de atua\u00e7\u00e3o:\u00a0<strong>Vila Aparecida, Vila Tri\u00e2ngulo e Clarin\u00f3polis.<\/strong><\/span>[\/vc_column_text][vc_single_image image=&#8221;1722&#8243; img_size=&#8221;full&#8221; add_caption=&#8221;yes&#8221; alignment=&#8221;center&#8221; onclick=&#8221;img_link_large&#8221; img_link_target=&#8221;_blank&#8221;][vc_column_text]<span class=\"fontSizeXLargePlus\">O objetivo principal do projeto \u00e9\u00a0<strong>incentivar a perman\u00eancia e a reintegra\u00e7\u00e3o de crian\u00e7as na escola por meio da promo\u00e7\u00e3o do esporte.<\/strong><\/span><\/p>\n<p><span class=\"fontSizeXLargePlus\">A participa\u00e7\u00e3o das crian\u00e7as no projeto est\u00e1 condicionada \u00e0\u00a0<strong>matr\u00edcula ativa na escola, presen\u00e7a integral, desempenho acima da m\u00e9dia e comportamento exemplar<\/strong>, tanto no ambiente escolar quanto em casa.<\/span><\/p>\n<p><span class=\"fontSizeXLargePlus\">Periodicamente, realizamos entrevistas com professores e familiares de cada crian\u00e7a envolvida no projeto, al\u00e9m de oferecer um\u00a0<strong>acompanhamento pr\u00f3ximo a cada jovem participante.<\/strong><\/span>[\/vc_column_text][vc_single_image image=&#8221;1723&#8243; img_size=&#8221;full&#8221; add_caption=&#8221;yes&#8221; alignment=&#8221;center&#8221; onclick=&#8221;img_link_large&#8221; img_link_target=&#8221;_blank&#8221;][\/vc_column][\/vc_row][vc_row][vc_column width=&#8221;1\/2&#8243;][vc_single_image image=&#8221;1724&#8243; img_size=&#8221;full&#8221; add_caption=&#8221;yes&#8221; alignment=&#8221;center&#8221; onclick=&#8221;img_link_large&#8221; img_link_target=&#8221;_blank&#8221;][\/vc_column][vc_column width=&#8221;1\/2&#8243;][vc_single_image image=&#8221;1725&#8243; img_size=&#8221;full&#8221; add_caption=&#8221;yes&#8221; alignment=&#8221;center&#8221; onclick=&#8221;img_link_large&#8221; img_link_target=&#8221;_blank&#8221;][\/vc_column][\/vc_row][vc_row][vc_column][vc_empty_space][vc_column_text]<\/p>\n<h3><strong>Transforma\u00e7\u00e3o ambiental e social<\/strong><\/h3>\n<p>[\/vc_column_text][vc_column_text]<span class=\"fontSizeXLargePlus\">Al\u00e9m do projeto social esportivo, o Toque de Letra tamb\u00e9m abrange\u00a0<strong>a\u00e7\u00f5es voltadas para a recupera\u00e7\u00e3o de \u00e1reas degradadas<\/strong>, com o implemento de um\u00a0<strong>viveiro de mudas<\/strong>, que est\u00e3o crescendo, frutificando e retornando para as pr\u00f3prias comunidades!<\/span><\/p>\n<p><span class=\"fontSizeXLargePlus\">E, em complemento ao projeto, foi criado o Grupo de Mulheres\u00a0<strong>&#8216;Damas da Terra&#8217;.\u00a0<\/strong>Nesta a\u00e7\u00e3o, as mulheres das comunidades no entorno da TRC receberam o curso de\u00a0<strong>capacita\u00e7\u00e3o para produzir produtos artesanais<\/strong>, como o sab\u00e3o feito a partir do lim\u00e3o e \u00f3leo de cozinha usado, doado pelos refeit\u00f3rios da TRC.<\/span><\/p>\n<p>Hoje o Grupo Damas da Terra cresceu e tomou corpo, dando\u00a0<strong>proje\u00e7\u00e3o e empreendedorismo para este grupo de bravas mulheres<\/strong>, que juntas trabalham e conquistam o seu espa\u00e7o de direito na sociedade![\/vc_column_text][\/vc_column][\/vc_row][vc_row][vc_column width=&#8221;2\/3&#8243;][vc_single_image image=&#8221;1726&#8243; img_size=&#8221;full&#8221; add_caption=&#8221;yes&#8221; alignment=&#8221;center&#8221;][\/vc_column][vc_column width=&#8221;1\/3&#8243;][vc_single_image image=&#8221;1727&#8243; img_size=&#8221;full&#8221; add_caption=&#8221;yes&#8221; alignment=&#8221;center&#8221;][\/vc_column][\/vc_row][vc_row][vc_column][vc_empty_space][vc_separator][vc_video link=&#8221;https:\/\/www.youtube.com\/watch?v=F_BS9j2BIZQ&#8221; align=&#8221;center&#8221;][vc_separator][vc_empty_space][\/vc_column][\/vc_row][vc_row][vc_column width=&#8221;2\/3&#8243;][vc_column_text]<\/p>\n<h3><strong>Volunt\u00e1rios TRC!<\/strong><\/h3>\n<p>[\/vc_column_text][vc_column_text]Sem a\u00a0<strong>proatividade e o esp\u00edrito de voluntariado<\/strong>\u00a0dos nossos\u00a0<strong>#Teakers<\/strong>, nada disso poderia acontecer.<\/p>\n<p>Nosso\u00a0<strong>agradecimento especial a cada um que se envolve e dedica tudo que pode\u00a0<\/strong>para causas sociais, como o Projeto Toque de Letra[\/vc_column_text][\/vc_column][vc_column width=&#8221;1\/3&#8243;][vc_empty_space][vc_column_text]<span class=\"fontSizeXxLarge\"><strong>&#8220;A mudan\u00e7a do mundo come\u00e7a com a mudan\u00e7a do nosso mundo. E o mundo da TRC \u00e9 aqui, nas comunidades do nosso entorno&#8221;<\/strong><\/span><\/p>\n<p>\u200b\u200b\u200b\u200b\u200b\u200b\u200bJoamir Filho (Volunt\u00e1rio TRC)[\/vc_column_text][\/vc_column][\/vc_row][vc_row][vc_column][vc_empty_space][vc_single_image image=&#8221;1728&#8243; img_size=&#8221;full&#8221; add_caption=&#8221;yes&#8221; alignment=&#8221;center&#8221;][\/vc_column][\/vc_row]<\/p>","protected":false},"excerpt":{"rendered":"<p>[vc_row][vc_column][vc_column_text]A\u00e7\u00e3o social da TRC[\/vc_column_text][vc_empty_space][vc_column_text]O\u00a0Projeto Social Toque de Letra\u00a0teve in\u00edcio em setembro de 2021 com o apoio e realiza\u00e7\u00e3o da TRC. Estamos comprometidos em\u00a0transformar as realidades\u00a0das comunidades das quais fazemos parte, na regi\u00e3o de abrang\u00eancia de nossas \u00e1reas de atua\u00e7\u00e3o:\u00a0Vila Aparecida, Vila Tri\u00e2ngulo e Clarin\u00f3polis.[\/vc_column_text][vc_single_image image=&#8221;1722&#8243; img_size=&#8221;full&#8221; add_caption=&#8221;yes&#8221; alignment=&#8221;center&#8221; onclick=&#8221;img_link_large&#8221; img_link_target=&#8221;_blank&#8221;][vc_column_text]O objetivo principal do projeto \u00e9\u00a0incentivar<\/p>\n","protected":false},"author":1,"featured_media":1729,"comment_status":"open","ping_status":"open","sticky":false,"template":"","format":"standard","meta":{"footnotes":""},"categories":[1],"tags":[],"class_list":["post-1721","post","type-post","status-publish","format-standard","has-post-thumbnail","hentry","category-sem-categoria","has-thumbnail"],"_links":{"self":[{"href":"https:\/\/www.teakrc.com\/pb\/wp-json\/wp\/v2\/posts\/1721","targetHints":{"allow":["GET"]}}],"collection":[{"href":"https:\/\/www.teakrc.com\/pb\/wp-json\/wp\/v2\/posts"}],"about":[{"href":"https:\/\/www.teakrc.com\/pb\/wp-json\/wp\/v2\/types\/post"}],"author":[{"embeddable":true,"href":"https:\/\/www.teakrc.com\/pb\/wp-json\/wp\/v2\/users\/1"}],"replies":[{"embeddable":true,"href":"https:\/\/www.teakrc.com\/pb\/wp-json\/wp\/v2\/comments?post=1721"}],"version-history":[{"count":3,"href":"https:\/\/www.teakrc.com\/pb\/wp-json\/wp\/v2\/posts\/1721\/revisions"}],"predecessor-version":[{"id":1732,"href":"https:\/\/www.teakrc.com\/pb\/wp-json\/wp\/v2\/posts\/1721\/revisions\/1732"}],"wp:featuredmedia":[{"embeddable":true,"href":"https:\/\/www.teakrc.com\/pb\/wp-json\/wp\/v2\/media\/1729"}],"wp:attachment":[{"href":"https:\/\/www.teakrc.com\/pb\/wp-json\/wp\/v2\/media?parent=1721"}],"wp:term":[{"taxonomy":"category","embeddable":true,"href":"https:\/\/www.teakrc.com\/pb\/wp-json\/wp\/v2\/categories?post=1721"},{"taxonomy":"post_tag","embeddable":true,"href":"https:\/\/www.teakrc.com\/pb\/wp-json\/wp\/v2\/tags?post=1721"}],"curies":[{"name":"wp","href":"https:\/\/api.w.org\/{rel}","templated":true}]}}