{"id":1692,"date":"2023-10-10T11:38:04","date_gmt":"2023-10-10T14:38:04","guid":{"rendered":"http:\/\/www.teakrc.com\/?p=1692"},"modified":"2023-10-10T15:18:25","modified_gmt":"2023-10-10T18:18:25","slug":"conexao-verde-trc-e-porto-de-outeiro","status":"publish","type":"post","link":"https:\/\/www.teakrc.com\/pb\/conexao-verde-trc-e-porto-de-outeiro\/","title":{"rendered":"Conex\u00e3o Verde &#8211; TRC e Porto de Outeiro"},"content":{"rendered":"<p>[vc_row][vc_column][vc_column_text]<em>A\u00e7\u00e3o da TRC e Porto de Outeiro com Impacto Zero ao meio ambiente<\/em>[\/vc_column_text][vc_empty_space][vc_column_text]Foi realizado o evento <strong>&#8220;Conex\u00e3o Verde &#8211; TRC e Porto de Outeiro&#8221;<\/strong> reunindo representantes da Companhia de Docas do Par\u00e1 (CDP), Secretaria do Estado do Meio Ambiente e Sustentabilidade (SEMAS), Programa de Educa\u00e7\u00e3o Tutorial e Universidade Federal Rural da Amaz\u00f4nia, bem como destacou a participa\u00e7\u00e3o significativa da <strong>sociedade e l\u00edderes comunit\u00e1rios de Outeiro.<\/strong><\/p>\n<p>Este evento marca uma etapa conclu\u00edda no ciclo de embarques de toras de nossa teca TRC no Porto de Outeiro, que junto da CDP, s\u00e3o grandes parceiros log\u00edsticos nas opera\u00e7\u00f5es de break bulk.[\/vc_column_text][vc_single_image image=&#8221;1712&#8243; img_size=&#8221;full&#8221; add_caption=&#8221;yes&#8221; alignment=&#8221;center&#8221; onclick=&#8221;img_link_large&#8221; img_link_target=&#8221;_blank&#8221;][vc_column_text]<span class=\"fontSizeXLargePlus\">O principal objetivo do Conex\u00e3o Verde foi promover\u00a0<strong>a doa\u00e7\u00e3o de leiras de res\u00edduos das toras de teca da TRC \u00e0 popula\u00e7\u00e3o local.<\/strong><\/span><\/p>\n<p><span class=\"fontSizeXLargePlus\">Esses materiais t\u00eam um potencial valioso para o\u00a0<strong>desenvolvimento de compostagens<\/strong>, que, por sua vez, retornar\u00e3o \u00e0 comunidade em forma de\u00a0<strong>benef\u00edcios sustent\u00e1veis<\/strong>.<\/span><\/p>\n<p><span class=\"fontSizeXLargePlus\"><strong>Uma a\u00e7\u00e3o com impacto zero ao meio ambiente, reiterando o compromisso da TRC em realizar suas atividades com uma grande aten\u00e7\u00e3o socioambiental.<\/strong><\/span>[\/vc_column_text][vc_single_image image=&#8221;1694&#8243; img_size=&#8221;full&#8221; add_caption=&#8221;yes&#8221; alignment=&#8221;center&#8221; onclick=&#8221;img_link_large&#8221; img_link_target=&#8221;_blank&#8221;][vc_column_text]<span class=\"fontSizeXLargePlus\">O evento &#8220;Conex\u00e3o Verde&#8221; recebeu apoio do SEMAS\/PA, PET Solos e UFRA, os quais conduziram um Workshop informativo. Durante o Workshop, <strong>foram ensinadas duas maneiras distintas de montar composteiras utilizando os res\u00edduos da teca.\u00a0<\/strong><\/span><\/p>\n<p><span class=\"fontSizeXLargePlus\">Essa iniciativa n\u00e3o apenas contribui para a gest\u00e3o sustent\u00e1vel dos res\u00edduos, mas tamb\u00e9m fortalece o engajamento da comunidade na promo\u00e7\u00e3o de pr\u00e1ticas amig\u00e1veis ao meio ambiente, consolidando a conscientiza\u00e7\u00e3o ambiental e a responsabilidade social na regi\u00e3o.<\/span>[\/vc_column_text][vc_column_text]<strong>A colabora\u00e7\u00e3o e o interesse demonstrados por todos os participantes ressaltam a import\u00e2ncia de iniciativas colaborativas para um futuro mais sustent\u00e1vel.<\/strong><\/p>\n<p>Confira abaixo mais imagens![\/vc_column_text][\/vc_column][\/vc_row][vc_row][vc_column][vc_empty_space height=&#8221;40px&#8221;][vc_single_image image=&#8221;1695&#8243; img_size=&#8221;full&#8221; add_caption=&#8221;yes&#8221; alignment=&#8221;center&#8221;][\/vc_column][\/vc_row][vc_row][vc_column width=&#8221;1\/2&#8243;][vc_single_image image=&#8221;1696&#8243; img_size=&#8221;full&#8221; add_caption=&#8221;yes&#8221; alignment=&#8221;center&#8221;][\/vc_column][vc_column width=&#8221;1\/2&#8243;][vc_single_image image=&#8221;1697&#8243; img_size=&#8221;full&#8221; add_caption=&#8221;yes&#8221; alignment=&#8221;center&#8221;][\/vc_column][\/vc_row][vc_row][vc_column][vc_single_image image=&#8221;1698&#8243; img_size=&#8221;full&#8221; add_caption=&#8221;yes&#8221; alignment=&#8221;center&#8221;][vc_single_image image=&#8221;1699&#8243; img_size=&#8221;full&#8221; add_caption=&#8221;yes&#8221; alignment=&#8221;center&#8221;][vc_single_image image=&#8221;1701&#8243; img_size=&#8221;full&#8221; add_caption=&#8221;yes&#8221; alignment=&#8221;center&#8221;][vc_single_image image=&#8221;1702&#8243; img_size=&#8221;full&#8221; add_caption=&#8221;yes&#8221; alignment=&#8221;center&#8221;][vc_single_image image=&#8221;1700&#8243; img_size=&#8221;full&#8221; add_caption=&#8221;yes&#8221; alignment=&#8221;center&#8221;][vc_single_image image=&#8221;1703&#8243; img_size=&#8221;full&#8221; add_caption=&#8221;yes&#8221; alignment=&#8221;center&#8221;][vc_single_image image=&#8221;1704&#8243; img_size=&#8221;full&#8221; add_caption=&#8221;yes&#8221; alignment=&#8221;center&#8221;][vc_single_image image=&#8221;1705&#8243; img_size=&#8221;full&#8221; add_caption=&#8221;yes&#8221; alignment=&#8221;center&#8221;][\/vc_column][\/vc_row][vc_row][vc_column width=&#8221;1\/2&#8243;][vc_single_image image=&#8221;1706&#8243; img_size=&#8221;full&#8221; add_caption=&#8221;yes&#8221; alignment=&#8221;center&#8221;][\/vc_column][vc_column width=&#8221;1\/2&#8243;][vc_single_image image=&#8221;1707&#8243; img_size=&#8221;full&#8221; add_caption=&#8221;yes&#8221; alignment=&#8221;center&#8221;][\/vc_column][\/vc_row][vc_row][vc_column][vc_single_image image=&#8221;1709&#8243; img_size=&#8221;full&#8221; add_caption=&#8221;yes&#8221; alignment=&#8221;center&#8221;][vc_single_image image=&#8221;1708&#8243; img_size=&#8221;full&#8221; add_caption=&#8221;yes&#8221; alignment=&#8221;center&#8221;][vc_single_image image=&#8221;1710&#8243; img_size=&#8221;full&#8221; add_caption=&#8221;yes&#8221; alignment=&#8221;center&#8221;][vc_single_image image=&#8221;1711&#8243; img_size=&#8221;full&#8221; add_caption=&#8221;yes&#8221; alignment=&#8221;center&#8221;][vc_single_image image=&#8221;1712&#8243; img_size=&#8221;full&#8221; add_caption=&#8221;yes&#8221; alignment=&#8221;center&#8221;][\/vc_column][\/vc_row]<\/p>","protected":false},"excerpt":{"rendered":"<p>[vc_row][vc_column][vc_column_text]A\u00e7\u00e3o da TRC e Porto de Outeiro com Impacto Zero ao meio ambiente[\/vc_column_text][vc_empty_space][vc_column_text]Foi realizado o evento &#8220;Conex\u00e3o Verde &#8211; TRC e Porto de Outeiro&#8221; reunindo representantes da Companhia de Docas do Par\u00e1 (CDP), Secretaria do Estado do Meio Ambiente e Sustentabilidade (SEMAS), Programa de Educa\u00e7\u00e3o Tutorial e Universidade Federal Rural da Amaz\u00f4nia, bem como destacou<\/p>\n","protected":false},"author":1,"featured_media":1708,"comment_status":"open","ping_status":"open","sticky":false,"template":"","format":"standard","meta":{"footnotes":""},"categories":[1],"tags":[],"class_list":["post-1692","post","type-post","status-publish","format-standard","has-post-thumbnail","hentry","category-sem-categoria","has-thumbnail"],"_links":{"self":[{"href":"https:\/\/www.teakrc.com\/pb\/wp-json\/wp\/v2\/posts\/1692","targetHints":{"allow":["GET"]}}],"collection":[{"href":"https:\/\/www.teakrc.com\/pb\/wp-json\/wp\/v2\/posts"}],"about":[{"href":"https:\/\/www.teakrc.com\/pb\/wp-json\/wp\/v2\/types\/post"}],"author":[{"embeddable":true,"href":"https:\/\/www.teakrc.com\/pb\/wp-json\/wp\/v2\/users\/1"}],"replies":[{"embeddable":true,"href":"https:\/\/www.teakrc.com\/pb\/wp-json\/wp\/v2\/comments?post=1692"}],"version-history":[{"count":7,"href":"https:\/\/www.teakrc.com\/pb\/wp-json\/wp\/v2\/posts\/1692\/revisions"}],"predecessor-version":[{"id":1719,"href":"https:\/\/www.teakrc.com\/pb\/wp-json\/wp\/v2\/posts\/1692\/revisions\/1719"}],"wp:featuredmedia":[{"embeddable":true,"href":"https:\/\/www.teakrc.com\/pb\/wp-json\/wp\/v2\/media\/1708"}],"wp:attachment":[{"href":"https:\/\/www.teakrc.com\/pb\/wp-json\/wp\/v2\/media?parent=1692"}],"wp:term":[{"taxonomy":"category","embeddable":true,"href":"https:\/\/www.teakrc.com\/pb\/wp-json\/wp\/v2\/categories?post=1692"},{"taxonomy":"post_tag","embeddable":true,"href":"https:\/\/www.teakrc.com\/pb\/wp-json\/wp\/v2\/tags?post=1692"}],"curies":[{"name":"wp","href":"https:\/\/api.w.org\/{rel}","templated":true}]}}