{"id":1678,"date":"2023-08-07T12:11:12","date_gmt":"2023-08-07T15:11:12","guid":{"rendered":"http:\/\/www.teakrc.com\/?p=1678"},"modified":"2023-08-07T12:26:38","modified_gmt":"2023-08-07T15:26:38","slug":"florestas-plantadas-um-pilar-sustentavel-impulsionado-pela-trc-e-arefloresta","status":"publish","type":"post","link":"https:\/\/www.teakrc.com\/pb\/florestas-plantadas-um-pilar-sustentavel-impulsionado-pela-trc-e-arefloresta\/","title":{"rendered":"Florestas plantadas: Um Pilar Sustent\u00e1vel Impulsionado pela TRC e AREFLORESTA"},"content":{"rendered":"<p>[vc_row][vc_column][vc_column_text]<em>Em entrevista para a revista Refer\u00eancia Florestal, Fausto Takizawa comenta os desafios e conquistas da planta\u00e7\u00e3o de \u00e1rvores no Estado do Mato Grosso.<\/em>[\/vc_column_text][vc_empty_space][vc_column_text]O Estado do Mato Grosso \u00e9 amplamente reconhecido por seu\u00a0<strong>manejo florestal sustent\u00e1vel<\/strong>, e a AREFLORESTA-MT (Associa\u00e7\u00e3o dos Reflorestadores de Mato Grosso) desempenha um papel fundamental nesse cen\u00e1rio. Com vinte anos de atua\u00e7\u00e3o, a AREFLORESTA-MT tem sido uma for\u00e7a motriz no\u00a0<strong>fomento e desenvolvimento do plantio de teca<\/strong>\u00a0e eucalipto, impulsionando a\u00a0<strong>planta\u00e7\u00e3o de \u00e1rvores no Estado.<\/strong>[\/vc_column_text][vc_empty_space height=&#8221;30px&#8221;][\/vc_column][\/vc_row][vc_row][vc_column width=&#8221;2\/3&#8243;][vc_column_text]<\/p>\n<div class=\"a_b_50a7110f h_b_50a7110f CanvasSection CanvasSection-col CanvasSection-sm12 CanvasSection--read CanvasSection-xl8 j_b_50a7110f\" data-automation-id=\"CanvasSection\">\n<div id=\"888f6479-38dc-448a-bfb2-55b6512fc90b\" class=\"ControlZone ControlZone--clean a_a_50a7110f\" data-automation-id=\"CanvasControl\">\n<div class=\"ControlZone--control\">\n<div class=\"rte-webpart\" dir=\"auto\" data-sp-feature-tag=\"Rich Text Editor\" data-sp-feature-instance-id=\"888f6479-38dc-448a-bfb2-55b6512fc90b\">\n<div class=\"cke_editable rte--read rte--inline ckeditable_removeMargin highlightFocusFix rte-strong-fontWeight fontWeightStrongForIEFireFox blockQuoteFont zeroSpacing cke_editable rteEmphasis root-146\" data-automation-id=\"textBox\">\n<h3><span class=\"fontSizeXxxLarge\"><strong>Entrevista exclusiva com Fausto Takizawa<\/strong><\/span><\/h3>\n<p><span class=\"fontSizeXLargePlus\">Em uma entrevista exclusiva, Fausto Takizawa (Diretor de P&amp;D\/Rela\u00e7\u00f5es Institucionais da TRC e secret\u00e1rio geral da AREFLORESTA-MT), compartilha sua trajet\u00f3ria de\u00a0<strong>pioneirismo no plantio de teca.\u00a0<\/strong>Enquanto a engenharia florestal tradicional optava por outros caminhos, Takizawa viu uma oportunidade com a expans\u00e3o da \u00e1rvore de teca (atrav\u00e9s de empresas como a Floresteca), uma esp\u00e9cie ex\u00f3tica e promissora, no cen\u00e1rio brasileiro.<\/span><\/p>\n<p><span class=\"fontSizeXLargePlus\">Na TRC, Fausto relata o desafio de\u00a0<strong>conquistar a certifica\u00e7\u00e3o FSC\u00ae<\/strong>, e em 2001, o in\u00edcio do\u00a0<strong>desenvolvimento gen\u00e9tico in\u00e9dito de teca no Brasil.<\/strong>\u00a0O trabalho da TRC evoluiu para n\u00edveis industriais, construindo a\u00a0<strong>primeira serraria especializada em teca no pa\u00eds<\/strong>, sendo que a atua\u00e7\u00e3o pela\u00a0<strong>AREFLORESTA<\/strong>\u00a0tem sido importante para superar obst\u00e1culos e apoio \u00e0s a\u00e7\u00f5es de fomento em n\u00edvel setorial.<\/span><\/p>\n<p><span class=\"fontSizeXLargePlus\">Com o trabalho conjunto entre a TRC e a AREFLORESTA-MT, Mato Grosso se destaca como um exemplo de sucesso na \u00a0plantio de teca, proporcionando\u00a0<strong>benef\u00edcios ambientais\u00a0<\/strong><strong>, sociais e econ\u00f4micos duradouros.<\/strong>\u00a0Essa parceria \u00e9 um legado valioso para\u00a0<strong>o futuro da sustentabilidade<\/strong>, levando o Brasil ao\u00a0<strong>topo da produ\u00e7\u00e3o privada de teca plantada no mundo.<\/strong><\/span><\/p>\n<p><span class=\"fontSizeXLargePlus\">Confira a entrevista completa abaixo!<br \/>\nCaso prefira, voc\u00ea tamb\u00e9m encontra o link, <span style=\"color: #008000;\"><a style=\"color: #008000;\" href=\"https:\/\/teakrc.com\/publicacoes\/Referencia-Florestal_2023.pdf\"><strong>clicando aqui<\/strong><\/a><\/span><\/span><\/p>\n<\/div>\n<\/div>\n<\/div>\n<\/div>\n<\/div>\n<p>[\/vc_column_text][\/vc_column][vc_column width=&#8221;1\/3&#8243;][vc_empty_space height=&#8221;60px&#8221;][vc_single_image image=&#8221;1679&#8243; img_size=&#8221;full&#8221; add_caption=&#8221;yes&#8221; alignment=&#8221;center&#8221; onclick=&#8221;custom_link&#8221; img_link_target=&#8221;_blank&#8221; link=&#8221;https:\/\/teakrc.com\/publicacoes\/Referencia-Florestal_2023.pdf&#8221;][vc_column_text]<\/p>\n<div class=\"a_b_50a7110f h_b_50a7110f CanvasSection CanvasSection-col CanvasSection-sm12 CanvasSection--read CanvasSection-xl8 j_b_50a7110f\" data-automation-id=\"CanvasSection\">\n<div id=\"888f6479-38dc-448a-bfb2-55b6512fc90b\" class=\"ControlZone ControlZone--clean a_a_50a7110f\" data-automation-id=\"CanvasControl\">\n<div class=\"ControlZone--control\">\n<div class=\"rte-webpart\" dir=\"auto\" data-sp-feature-tag=\"Rich Text Editor\" data-sp-feature-instance-id=\"888f6479-38dc-448a-bfb2-55b6512fc90b\">\n<div class=\"cke_editable rte--read rte--inline ckeditable_removeMargin highlightFocusFix rte-strong-fontWeight fontWeightStrongForIEFireFox blockQuoteFont zeroSpacing cke_editable rteEmphasis root-146\" data-automation-id=\"textBox\">\n<h3><a href=\"https:\/\/teakrc.com\/publicacoes\/Referencia-Florestal_2023.pdf\"><span class=\"fontSizeXxxLarge\"><strong>Clique para ler a revista!<\/strong><\/span><\/a><\/h3>\n<\/div>\n<\/div>\n<\/div>\n<\/div>\n<\/div>\n<p>[\/vc_column_text][\/vc_column][\/vc_row][vc_row][vc_column][vc_empty_space height=&#8221;40px&#8221;][\/vc_column][\/vc_row][vc_row][vc_column width=&#8221;1\/2&#8243;][vc_single_image image=&#8221;1680&#8243; img_size=&#8221;full&#8221; add_caption=&#8221;yes&#8221; alignment=&#8221;center&#8221;][\/vc_column][vc_column width=&#8221;1\/2&#8243;][vc_single_image image=&#8221;1681&#8243; img_size=&#8221;full&#8221; add_caption=&#8221;yes&#8221; alignment=&#8221;center&#8221;][\/vc_column][\/vc_row][vc_row][vc_column width=&#8221;1\/2&#8243;][vc_single_image image=&#8221;1682&#8243; img_size=&#8221;full&#8221; add_caption=&#8221;yes&#8221; alignment=&#8221;center&#8221;][\/vc_column][vc_column width=&#8221;1\/2&#8243;][vc_single_image image=&#8221;1683&#8243; img_size=&#8221;full&#8221; add_caption=&#8221;yes&#8221; alignment=&#8221;center&#8221;][\/vc_column][\/vc_row][vc_row][vc_column width=&#8221;1\/2&#8243;][vc_single_image image=&#8221;1684&#8243; img_size=&#8221;full&#8221; add_caption=&#8221;yes&#8221; alignment=&#8221;center&#8221;][\/vc_column][vc_column width=&#8221;1\/2&#8243;][\/vc_column][\/vc_row]<\/p>","protected":false},"excerpt":{"rendered":"<p>[vc_row][vc_column][vc_column_text]Em entrevista para a revista Refer\u00eancia Florestal, Fausto Takizawa comenta os desafios e conquistas da planta\u00e7\u00e3o de \u00e1rvores no Estado do Mato Grosso.[\/vc_column_text][vc_empty_space][vc_column_text]O Estado do Mato Grosso \u00e9 amplamente reconhecido por seu\u00a0manejo florestal sustent\u00e1vel, e a AREFLORESTA-MT (Associa\u00e7\u00e3o dos Reflorestadores de Mato Grosso) desempenha um papel fundamental nesse cen\u00e1rio. Com vinte anos de atua\u00e7\u00e3o, a<\/p>\n","protected":false},"author":1,"featured_media":781,"comment_status":"open","ping_status":"open","sticky":false,"template":"","format":"standard","meta":{"footnotes":""},"categories":[1],"tags":[],"class_list":["post-1678","post","type-post","status-publish","format-standard","has-post-thumbnail","hentry","category-sem-categoria","has-thumbnail"],"_links":{"self":[{"href":"https:\/\/www.teakrc.com\/pb\/wp-json\/wp\/v2\/posts\/1678","targetHints":{"allow":["GET"]}}],"collection":[{"href":"https:\/\/www.teakrc.com\/pb\/wp-json\/wp\/v2\/posts"}],"about":[{"href":"https:\/\/www.teakrc.com\/pb\/wp-json\/wp\/v2\/types\/post"}],"author":[{"embeddable":true,"href":"https:\/\/www.teakrc.com\/pb\/wp-json\/wp\/v2\/users\/1"}],"replies":[{"embeddable":true,"href":"https:\/\/www.teakrc.com\/pb\/wp-json\/wp\/v2\/comments?post=1678"}],"version-history":[{"count":6,"href":"https:\/\/www.teakrc.com\/pb\/wp-json\/wp\/v2\/posts\/1678\/revisions"}],"predecessor-version":[{"id":1690,"href":"https:\/\/www.teakrc.com\/pb\/wp-json\/wp\/v2\/posts\/1678\/revisions\/1690"}],"wp:featuredmedia":[{"embeddable":true,"href":"https:\/\/www.teakrc.com\/pb\/wp-json\/wp\/v2\/media\/781"}],"wp:attachment":[{"href":"https:\/\/www.teakrc.com\/pb\/wp-json\/wp\/v2\/media?parent=1678"}],"wp:term":[{"taxonomy":"category","embeddable":true,"href":"https:\/\/www.teakrc.com\/pb\/wp-json\/wp\/v2\/categories?post=1678"},{"taxonomy":"post_tag","embeddable":true,"href":"https:\/\/www.teakrc.com\/pb\/wp-json\/wp\/v2\/tags?post=1678"}],"curies":[{"name":"wp","href":"https:\/\/api.w.org\/{rel}","templated":true}]}}