{"id":1661,"date":"2023-07-17T18:13:16","date_gmt":"2023-07-17T21:13:16","guid":{"rendered":"http:\/\/www.teakrc.com\/?p=1661"},"modified":"2023-07-17T18:13:16","modified_gmt":"2023-07-17T21:13:16","slug":"trc-em-linha-com-o-pacto-ecologico-europeu","status":"publish","type":"post","link":"https:\/\/www.teakrc.com\/pb\/trc-em-linha-com-o-pacto-ecologico-europeu\/","title":{"rendered":"TRC em linha com o Pacto Ecol\u00f3gico Europeu"},"content":{"rendered":"<p>[vc_row][vc_column][vc_column_text]<em>Para promover uma Economia mais limpa e verde: importa\u00e7\u00e3o de produtos provenientes de \u00e1reas desmatadas \u00e9 proibida na Europa<\/em>[\/vc_column_text][vc_empty_space][vc_column_text]As altera\u00e7\u00f5es clim\u00e1ticas e a degrada\u00e7\u00e3o do meio ambiente s\u00e3o uma\u00a0<strong>amea\u00e7a existencial para todo o mundo<\/strong>. Mas, com o esfor\u00e7o de todos, poderemos come\u00e7ar a\u00a0<strong>minimizar os danos<\/strong>\u00a0e promover um\u00a0<strong>desenvolvimento mais sustent\u00e1vel.<\/strong>[\/vc_column_text][vc_empty_space height=&#8221;30px&#8221;][\/vc_column][\/vc_row][vc_row][vc_column width=&#8221;2\/3&#8243;][vc_column_text]<\/p>\n<div class=\"a_b_50a7110f h_b_50a7110f CanvasSection CanvasSection-col CanvasSection-sm12 CanvasSection--read CanvasSection-xl8 j_b_50a7110f\" data-automation-id=\"CanvasSection\">\n<div id=\"888f6479-38dc-448a-bfb2-55b6512fc90b\" class=\"ControlZone ControlZone--clean a_a_50a7110f\" data-automation-id=\"CanvasControl\">\n<div class=\"ControlZone--control\">\n<div class=\"rte-webpart\" dir=\"auto\" data-sp-feature-tag=\"Rich Text Editor\" data-sp-feature-instance-id=\"888f6479-38dc-448a-bfb2-55b6512fc90b\">\n<div class=\"cke_editable rte--read rte--inline ckeditable_removeMargin highlightFocusFix rte-strong-fontWeight fontWeightStrongForIEFireFox blockQuoteFont zeroSpacing cke_editable rteEmphasis root-146\" data-automation-id=\"textBox\">\n<h3><span class=\"fontSizeXxxLarge\"><strong>O Pacto Ecol\u00f3gico Europeu<\/strong><\/span><\/h3>\n<p><span class=\"fontSizeXLargePlus\">Com o objetivo de transformar a Uni\u00e3o Europeia numa\u00a0<strong>economia atual, mais limpa e que seja eficiente<\/strong>\u00a0na utiliza\u00e7\u00e3o dos recursos, o Acordo Verde Europeu ou Pacto Ecol\u00f3gico Europeu (European Green Deal) \u00e9 um conjunto de pol\u00edticas e estrat\u00e9gias articulado pela Comiss\u00e3o Europeia, divulgado em dezembro de 2019, a fim de tornar as pol\u00edticas da UE em mat\u00e9ria de clima, energia, transportes e fiscalidade adequadas para alcan\u00e7ar uma redu\u00e7\u00e3o das emiss\u00f5es l\u00edquidas de gases de estufa de, pelo menos,\u00a0<strong>55% at\u00e9 2030<\/strong>\u00a0(em compara\u00e7\u00e3o com os n\u00edveis de 1990), al\u00e9m de melhorar o\u00a0<strong>bem-estar e a sa\u00fade das gera\u00e7\u00f5es futuras.<\/strong><\/span><\/p>\n<\/div>\n<\/div>\n<\/div>\n<\/div>\n<\/div>\n<p>[\/vc_column_text][\/vc_column][vc_column width=&#8221;1\/3&#8243;][vc_empty_space height=&#8221;60px&#8221;][vc_single_image image=&#8221;1662&#8243; img_size=&#8221;full&#8221; add_caption=&#8221;yes&#8221; alignment=&#8221;center&#8221;][\/vc_column][\/vc_row][vc_row][vc_column][vc_empty_space height=&#8221;40px&#8221;][\/vc_column][\/vc_row][vc_row][vc_column width=&#8221;1\/3&#8243;][vc_empty_space height=&#8221;30px&#8221;][vc_single_image image=&#8221;1663&#8243; img_size=&#8221;full&#8221; add_caption=&#8221;yes&#8221; alignment=&#8221;center&#8221;][\/vc_column][vc_column width=&#8221;2\/3&#8243;][vc_column_text]<\/p>\n<div class=\"a_b_50a7110f h_b_50a7110f CanvasSection CanvasSection-col CanvasSection-sm12 CanvasSection--read CanvasSection-xl8 j_b_50a7110f\" data-automation-id=\"CanvasSection\">\n<div id=\"1f651f30-00fa-4377-b319-9626e13eead3\" class=\"ControlZone ControlZone--clean a_a_50a7110f\" data-automation-id=\"CanvasControl\">\n<div class=\"ControlZone--control\">\n<div class=\"rte-webpart\" dir=\"auto\" data-sp-feature-tag=\"Rich Text Editor\" data-sp-feature-instance-id=\"1f651f30-00fa-4377-b319-9626e13eead3\">\n<div class=\"cke_editable rte--read rte--inline ckeditable_removeMargin highlightFocusFix rte-strong-fontWeight fontWeightStrongForIEFireFox blockQuoteFont zeroSpacing cke_editable rteEmphasis root-265\" data-automation-id=\"textBox\">\n<p>Em abril deste ano, o Parlamento Europeu\u00a0<strong>aprovou uma lei que pro\u00edbe a importa\u00e7\u00e3o de produtos provenientes de \u00e1reas desmatadas<\/strong>\u00a0ap\u00f3s dezembro de 2020. Isso significa que produtos como\u00a0<strong>cacau, caf\u00e9, madeira, milho, \u00f3leo de palma, soja<\/strong>\u00a0e produtos de origem animal devem ser cultivados e produzidos em \u00e1reas certificadas, e em conformidade com a preserva\u00e7\u00e3o ambiental. As empresas que desejarem importar estes produtos dever\u00e3o tamb\u00e9m\u00a0<strong>garantir que foram produzidos respeitando os direitos humanos e os dos povos ind\u00edgenas.<\/strong><\/p>\n<\/div>\n<\/div>\n<\/div>\n<\/div>\n<\/div>\n<p>[\/vc_column_text][\/vc_column][\/vc_row][vc_row][vc_column][vc_empty_space height=&#8221;40px&#8221;][vc_single_image image=&#8221;1664&#8243; img_size=&#8221;full&#8221; add_caption=&#8221;yes&#8221; alignment=&#8221;center&#8221;][vc_empty_space height=&#8221;40px&#8221;][\/vc_column][\/vc_row][vc_row][vc_column width=&#8221;2\/3&#8243;][vc_column_text]<\/p>\n<div class=\"a_b_50a7110f h_b_50a7110f CanvasSection CanvasSection-col CanvasSection-sm12 CanvasSection--read CanvasSection-xl8 j_b_50a7110f\" data-automation-id=\"CanvasSection\">\n<div id=\"888f6479-38dc-448a-bfb2-55b6512fc90b\" class=\"ControlZone ControlZone--clean a_a_50a7110f\" data-automation-id=\"CanvasControl\">\n<div class=\"ControlZone--control\">\n<div class=\"rte-webpart\" dir=\"auto\" data-sp-feature-tag=\"Rich Text Editor\" data-sp-feature-instance-id=\"888f6479-38dc-448a-bfb2-55b6512fc90b\">\n<div class=\"cke_editable rte--read rte--inline ckeditable_removeMargin highlightFocusFix rte-strong-fontWeight fontWeightStrongForIEFireFox blockQuoteFont zeroSpacing cke_editable rteEmphasis root-146\" data-automation-id=\"textBox\">\n<h3><span class=\"fontSizeXxxLarge\"><strong>TRC: excel\u00eancia em madeira de teca sustent\u00e1vel<\/strong><\/span><\/h3>\n<p><span class=\"fontSizeXLargePlus\">A TRC \u00e9 uma empresa certificada pelo\u00a0<strong>FSC\u00ae \u2013 Forest Stewardship Council\u00ae desde 1998<\/strong>, seguindo determinados padr\u00f5es internacionais que asseguram um manejo alinhado aos princ\u00edpios e crit\u00e9rios de\u00a0<strong>responsabilidade social, econ\u00f4mico e ambiental<\/strong>, bem como a rastreabilidade dos produtos oriundos dessas florestas, sendo\u00a0<strong>apta a realizar a exporta\u00e7\u00e3o de madeira de forma sustent\u00e1vel e respons\u00e1vel<\/strong>, e adequada \u00e0s exig\u00eancias normativas europeias.<\/span><\/p>\n<\/div>\n<\/div>\n<\/div>\n<\/div>\n<\/div>\n<p>[\/vc_column_text][\/vc_column][vc_column width=&#8221;1\/3&#8243;][vc_empty_space height=&#8221;50px&#8221;][vc_single_image image=&#8221;1665&#8243; img_size=&#8221;full&#8221; add_caption=&#8221;yes&#8221; alignment=&#8221;center&#8221;][\/vc_column][\/vc_row][vc_row][vc_column][vc_empty_space height=&#8221;40px&#8221;][\/vc_column][\/vc_row][vc_row][vc_column width=&#8221;1\/4&#8243;][vc_single_image image=&#8221;1666&#8243; img_size=&#8221;full&#8221; add_caption=&#8221;yes&#8221; alignment=&#8221;center&#8221; style=&#8221;vc_box_circle_2&#8243;][\/vc_column][vc_column width=&#8221;3\/4&#8243;][vc_column_text]<\/p>\n<div class=\"a_b_50a7110f h_b_50a7110f CanvasSection CanvasSection-col CanvasSection-sm12 CanvasSection--read CanvasSection-xl8 j_b_50a7110f\" data-automation-id=\"CanvasSection\">\n<div id=\"1f651f30-00fa-4377-b319-9626e13eead3\" class=\"ControlZone ControlZone--clean a_a_50a7110f\" data-automation-id=\"CanvasControl\">\n<div class=\"ControlZone--control\">\n<div class=\"rte-webpart\" dir=\"auto\" data-sp-feature-tag=\"Rich Text Editor\" data-sp-feature-instance-id=\"1f651f30-00fa-4377-b319-9626e13eead3\">\n<h3 class=\"cke_editable rte--read rte--inline ckeditable_removeMargin highlightFocusFix rte-strong-fontWeight fontWeightStrongForIEFireFox blockQuoteFont zeroSpacing cke_editable rteEmphasis root-265\" data-automation-id=\"textBox\"><span class=\"fontSizeXLargePlus\"><strong><span class=\"fontSizeXxxLarge\">&#8220;A companhia sempre teve a certeza de que este \u00e9 o caminho para a transi\u00e7\u00e3o justa a um futuro sustent\u00e1vel e favor\u00e1vel ao clima.<\/span>\u00a0<\/strong><\/span><\/h3>\n<\/div>\n<\/div>\n<\/div>\n<\/div>\n<p>[\/vc_column_text][vc_column_text]<\/p>\n<div class=\"a_b_50a7110f h_b_50a7110f CanvasSection CanvasSection-col CanvasSection-sm12 CanvasSection--read CanvasSection-xl8 j_b_50a7110f\" data-automation-id=\"CanvasSection\">\n<div id=\"1f651f30-00fa-4377-b319-9626e13eead3\" class=\"ControlZone ControlZone--clean a_a_50a7110f\" data-automation-id=\"CanvasControl\">\n<div class=\"ControlZone--control\">\n<div class=\"rte-webpart\" dir=\"auto\" data-sp-feature-tag=\"Rich Text Editor\" data-sp-feature-instance-id=\"1f651f30-00fa-4377-b319-9626e13eead3\">\n<div class=\"cke_editable rte--read rte--inline ckeditable_removeMargin highlightFocusFix rte-strong-fontWeight fontWeightStrongForIEFireFox blockQuoteFont zeroSpacing cke_editable rteEmphasis root-265\" data-automation-id=\"textBox\">\n<p>A garantia de que a produ\u00e7\u00e3o da madeira de teca \u00e9 de origem respons\u00e1vel, economicamente vi\u00e1vel, socialmente justa e ambientalmente correta est\u00e1 ligada ao \u201cDNA\u201d da TRC.<\/p>\n<p><span class=\"fontSizeXLargePlus\">O manejo da TRC est\u00e1, desde 1998, certificada pelo Forest Stewardship Council\u00ae &#8211; FSC\u00ae (Conselho de Manejo Florestal). Dentre as regras do FSC\u00ae est\u00e1 o impedimento de certificar empreendimentos que desmatam terras para a planta\u00e7\u00e3o de suas florestas e procedimentos r\u00edgidos de rastreabilidade da madeira produzida nas planta\u00e7\u00f5es certificadas.<\/span><\/p>\n<p><span class=\"fontSizeXLargePlus\"><strong>A certifica\u00e7\u00e3o FSC\u00ae ganha maior import\u00e2ncia ap\u00f3s a vig\u00eancia das regras do Green Deal Europeu<\/strong>, produtos originados de\u00a0<strong>manejos certificados como o da TRC j\u00e1 largam \u00e0 frente em competitividade<\/strong>\u00a0quando se busca, n\u00e3o s\u00f3 um diferencial na madeira de teca, mas adequa\u00e7\u00e3o \u00e0s novas regras vigentes no mercado europeu.&#8221;<\/span><\/p>\n<p><span class=\"fontSizeXLargePlus\"><strong>Fausto Takizawa<\/strong><br \/>\n\u200b\u200b\u200b\u200b\u200b\u200b\u200bDiretor de Rela\u00e7\u00f5es Institucionais, Pesquisa &amp; Desenvolvimento<\/span><\/p>\n<\/div>\n<\/div>\n<\/div>\n<\/div>\n<\/div>\n<p>[\/vc_column_text][\/vc_column][\/vc_row][vc_row][vc_column][vc_empty_space height=&#8221;40px&#8221;][\/vc_column][\/vc_row][vc_row][vc_column width=&#8221;1\/4&#8243;][vc_single_image image=&#8221;1669&#8243; img_size=&#8221;full&#8221; add_caption=&#8221;yes&#8221; alignment=&#8221;center&#8221; style=&#8221;vc_box_circle_2&#8243;][\/vc_column][vc_column width=&#8221;3\/4&#8243;][vc_column_text]<\/p>\n<div class=\"a_b_50a7110f h_b_50a7110f CanvasSection CanvasSection-col CanvasSection-sm12 CanvasSection--read CanvasSection-xl8 j_b_50a7110f\" data-automation-id=\"CanvasSection\">\n<div id=\"1f651f30-00fa-4377-b319-9626e13eead3\" class=\"ControlZone ControlZone--clean a_a_50a7110f\" data-automation-id=\"CanvasControl\">\n<div class=\"ControlZone--control\">\n<div class=\"rte-webpart\" dir=\"auto\" data-sp-feature-tag=\"Rich Text Editor\" data-sp-feature-instance-id=\"1f651f30-00fa-4377-b319-9626e13eead3\">\n<h3 class=\"cke_editable rte--read rte--inline ckeditable_removeMargin highlightFocusFix rte-strong-fontWeight fontWeightStrongForIEFireFox blockQuoteFont zeroSpacing cke_editable rteEmphasis root-265\" data-automation-id=\"textBox\"><span class=\"fontSizeXLargePlus\"><strong><span class=\"fontSizeXxxLarge\">&#8220;Criamos florestas onde havia pastos.<\/span><\/strong><\/span><\/h3>\n<\/div>\n<\/div>\n<\/div>\n<\/div>\n<p>[\/vc_column_text][vc_column_text]<span class=\"fontSizeXLargePlus\">Vejo como uma grande oportunidade para a nossa teca certificada, uma vez que temos h\u00e1 muitos anos a certifica\u00e7\u00e3o do FSC, garantindo que nossa madeira \u00e9 proveniente de \u00e1reas recuperadas.<\/span><\/p>\n<p><span class=\"fontSizeXLargePlus\">O mercado europeu tamb\u00e9m representa uma\u00a0<strong>excelente oportunidade<\/strong>\u00a0para a comercializa\u00e7\u00e3o de produtos da TRC de\u00a0<strong>alto valor agregado<\/strong>\u00a0(de 2\u00aa gera\u00e7\u00e3o), como por exemplo o caso de\u00a0<strong>decks para ambientes externos e pisos n\u00e1uticos para iates.<\/strong><\/span><\/p>\n<p><span class=\"fontSizeXLargePlus\">Dessa maneira, s\u00f3 entrar\u00e1 na Europa\u00a0<strong>a mat\u00e9ria-prima que tiver comprovada a sua cadeia de cust\u00f3dia e sua rastreabilidade de todo o processo.<\/strong>\u00a0\u00c9 a\u00ed que a TRC larga na frente, pois\u00a0<strong>temos todo o lastro e know how do FSC<\/strong>, embasando todo o nosso ecossistema da madeira de teca.<\/span><\/p>\n<p><span class=\"fontSizeXLargePlus\">Na Europa, a quest\u00e3o ambiental \u00e9 muito forte. O parlamento europeu \u00e9 respons\u00e1vel por regulamentar muitos procedimentos no continente, assim como exportar essas leis em escala global. O nosso papel como uma empresa sustent\u00e1vel est\u00e1 justamente em garantir a\u00a0<strong>responsabilidade, transpar\u00eancia e seguran\u00e7a para todos os nossos stakeholders<\/strong>, sejam eles investidores, clientes, compradores, dentre outros.&#8221;<\/span><\/p>\n<p><span class=\"fontSizeXLargePlus\"><strong>Tiago Bego<\/strong><br \/>\n\u200b\u200b\u200b\u200b\u200b\u200b\u200bDiretor de Novos Neg\u00f3cios da TRC<\/span>[\/vc_column_text][\/vc_column][\/vc_row][vc_row][vc_column][vc_empty_space height=&#8221;40px&#8221;][\/vc_column][\/vc_row][vc_row][vc_column width=&#8221;2\/3&#8243;][vc_column_text]<\/p>\n<div class=\"a_b_50a7110f h_b_50a7110f CanvasSection CanvasSection-col CanvasSection-sm12 CanvasSection--read CanvasSection-xl8 j_b_50a7110f\" data-automation-id=\"CanvasSection\">\n<div id=\"888f6479-38dc-448a-bfb2-55b6512fc90b\" class=\"ControlZone ControlZone--clean a_a_50a7110f\" data-automation-id=\"CanvasControl\">\n<div class=\"ControlZone--control\">\n<div class=\"rte-webpart\" dir=\"auto\" data-sp-feature-tag=\"Rich Text Editor\" data-sp-feature-instance-id=\"888f6479-38dc-448a-bfb2-55b6512fc90b\">\n<div class=\"cke_editable rte--read rte--inline ckeditable_removeMargin highlightFocusFix rte-strong-fontWeight fontWeightStrongForIEFireFox blockQuoteFont zeroSpacing cke_editable rteEmphasis root-146\" data-automation-id=\"textBox\">\n<h3><span class=\"fontSizeXxxLarge\"><strong>TRC e o manejo florestal respons\u00e1vel<\/strong><\/span><\/h3>\n<p><span class=\"fontSizeXLargePlus\">\u00c9 uma grande alegria para n\u00f3s sabermos que estamos\u00a0<strong>comprometidos com a preserva\u00e7\u00e3o ambiental desde o in\u00edcio de nossas atividades<\/strong>, pois fornecemos apenas madeira produzida em nossas florestas plantadas, garantindo que o produto oferecido atende aos\u00a0<strong>mais altos padr\u00f5es de manejo florestal respons\u00e1vel.<\/strong><\/span><\/p>\n<p><span class=\"fontSizeXLargePlus\">Consolidamos a credibilidade e transpar\u00eancia desta jornada, mantendo um\u00a0<strong>compromisso com a sustentabilidade de nossas opera\u00e7\u00f5es.<\/strong>\u00a0Seguimos firmes na nossa miss\u00e3o de produzir e comercializar madeira de teca de forma sustent\u00e1vel e com o mais alto padr\u00e3o de qualidade.<\/span><\/p>\n<\/div>\n<\/div>\n<\/div>\n<\/div>\n<\/div>\n<p>[\/vc_column_text][\/vc_column][vc_column width=&#8221;1\/3&#8243;][vc_empty_space height=&#8221;50px&#8221;][vc_single_image image=&#8221;1670&#8243; img_size=&#8221;full&#8221; add_caption=&#8221;yes&#8221; alignment=&#8221;center&#8221;][\/vc_column][\/vc_row]<\/p>","protected":false},"excerpt":{"rendered":"<p>[vc_row][vc_column][vc_column_text]Para promover uma Economia mais limpa e verde: importa\u00e7\u00e3o de produtos provenientes de \u00e1reas desmatadas \u00e9 proibida na Europa[\/vc_column_text][vc_empty_space][vc_column_text]As altera\u00e7\u00f5es clim\u00e1ticas e a degrada\u00e7\u00e3o do meio ambiente s\u00e3o uma\u00a0amea\u00e7a existencial para todo o mundo. Mas, com o esfor\u00e7o de todos, poderemos come\u00e7ar a\u00a0minimizar os danos\u00a0e promover um\u00a0desenvolvimento mais sustent\u00e1vel.[\/vc_column_text][vc_empty_space height=&#8221;30px&#8221;][\/vc_column][\/vc_row][vc_row][vc_column width=&#8221;2\/3&#8243;][vc_column_text] O Pacto Ecol\u00f3gico Europeu<\/p>\n","protected":false},"author":1,"featured_media":1674,"comment_status":"open","ping_status":"open","sticky":false,"template":"","format":"standard","meta":{"footnotes":""},"categories":[1],"tags":[],"class_list":["post-1661","post","type-post","status-publish","format-standard","has-post-thumbnail","hentry","category-sem-categoria","has-thumbnail"],"_links":{"self":[{"href":"https:\/\/www.teakrc.com\/pb\/wp-json\/wp\/v2\/posts\/1661","targetHints":{"allow":["GET"]}}],"collection":[{"href":"https:\/\/www.teakrc.com\/pb\/wp-json\/wp\/v2\/posts"}],"about":[{"href":"https:\/\/www.teakrc.com\/pb\/wp-json\/wp\/v2\/types\/post"}],"author":[{"embeddable":true,"href":"https:\/\/www.teakrc.com\/pb\/wp-json\/wp\/v2\/users\/1"}],"replies":[{"embeddable":true,"href":"https:\/\/www.teakrc.com\/pb\/wp-json\/wp\/v2\/comments?post=1661"}],"version-history":[{"count":5,"href":"https:\/\/www.teakrc.com\/pb\/wp-json\/wp\/v2\/posts\/1661\/revisions"}],"predecessor-version":[{"id":1675,"href":"https:\/\/www.teakrc.com\/pb\/wp-json\/wp\/v2\/posts\/1661\/revisions\/1675"}],"wp:featuredmedia":[{"embeddable":true,"href":"https:\/\/www.teakrc.com\/pb\/wp-json\/wp\/v2\/media\/1674"}],"wp:attachment":[{"href":"https:\/\/www.teakrc.com\/pb\/wp-json\/wp\/v2\/media?parent=1661"}],"wp:term":[{"taxonomy":"category","embeddable":true,"href":"https:\/\/www.teakrc.com\/pb\/wp-json\/wp\/v2\/categories?post=1661"},{"taxonomy":"post_tag","embeddable":true,"href":"https:\/\/www.teakrc.com\/pb\/wp-json\/wp\/v2\/tags?post=1661"}],"curies":[{"name":"wp","href":"https:\/\/api.w.org\/{rel}","templated":true}]}}