{"id":1596,"date":"2023-06-21T17:23:57","date_gmt":"2023-06-21T20:23:57","guid":{"rendered":"http:\/\/www.teakrc.com\/?p=1596"},"modified":"2023-06-21T17:30:24","modified_gmt":"2023-06-21T20:30:24","slug":"mes-do-meio-ambiente-manejo-florestal-sustentavel-na-trc","status":"publish","type":"post","link":"https:\/\/www.teakrc.com\/pb\/mes-do-meio-ambiente-manejo-florestal-sustentavel-na-trc\/","title":{"rendered":"M\u00eas Meio Ambiente: manejo florestal sustent\u00e1vel na TRC"},"content":{"rendered":"<p>[vc_row][vc_column][vc_empty_space][vc_column_text]<span class=\"fontSizeXLargePlus\">O\u00a0<strong>Dia Mundial do Meio Ambiente<\/strong>, comemorado anualmente no dia 5 de junho, foi institu\u00eddo pela Organiza\u00e7\u00e3o das Na\u00e7\u00f5es Unidas com o objetivo principal de chamar a aten\u00e7\u00e3o da popula\u00e7\u00e3o sobre os problemas ambientais e\u00a0<strong>a import\u00e2ncia de preservar o meio ambiente e os recursos naturais.<\/strong><\/span>[\/vc_column_text][vc_single_image image=&#8221;1597&#8243; img_size=&#8221;full&#8221; add_caption=&#8221;yes&#8221; alignment=&#8221;center&#8221;][vc_empty_space height=&#8221;40px&#8221;][\/vc_column][\/vc_row][vc_row][vc_column width=&#8221;1\/3&#8243;][vc_single_image image=&#8221;1598&#8243; img_size=&#8221;full&#8221; add_caption=&#8221;yes&#8221; alignment=&#8221;center&#8221;][\/vc_column][vc_column width=&#8221;2\/3&#8243;][vc_column_text]<span class=\"fontSizeXLargePlus\">Um dos principais objetivos da TRC \u00e9\u00a0<strong>produzir e comercializar a madeira de teca de forma sustent\u00e1vel<\/strong>. Para isso, o\u00a0<strong>manejo sustent\u00e1vel<\/strong>\u00a0\u00e9 muito importante para garantir a\u00a0<strong>conserva\u00e7\u00e3o ambiental<\/strong>\u00a0das nossas atividades.<\/span><\/p>\n<p><span class=\"fontSizeXLargePlus\">Mantendo sempre o compromisso firme com a sustentabilidade, a TRC possui diversos programas para salientar sua rela\u00e7\u00e3o com o meio ambiente, sua\u00a0<strong>preserva\u00e7\u00e3o e conserva\u00e7\u00e3o<\/strong>.<\/span><\/p>\n<p><span class=\"fontSizeXLargePlus\">A TRC mant\u00e9m sob a sua responsabilidade\u00a0<strong>\u00e1reas destinadas \u00e0 conserva\u00e7\u00e3o ambiental.<\/strong>\u00a0Os monitoramentos ambientais s\u00e3o considerados partes fundamentais\u00a0<strong>na tomada de decis\u00f5es relacionadas ao manejo sustent\u00e1vel das planta\u00e7\u00f5es de teca.<\/strong><\/span>[\/vc_column_text][\/vc_column][\/vc_row][vc_row][vc_column][vc_single_image image=&#8221;1599&#8243; img_size=&#8221;full&#8221; add_caption=&#8221;yes&#8221; alignment=&#8221;center&#8221;][vc_empty_space height=&#8221;40px&#8221;][\/vc_column][\/vc_row][vc_row][vc_column width=&#8221;1\/3&#8243;][vc_single_image image=&#8221;1600&#8243; img_size=&#8221;full&#8221; add_caption=&#8221;yes&#8221; alignment=&#8221;center&#8221; style=&#8221;vc_box_rounded&#8221;][\/vc_column][vc_column width=&#8221;2\/3&#8243;][vc_column_text]<\/p>\n<h3><span class=\"fontSizeXxLarge\">\u200b\u200b\u200b\u200b\u200b\u200b\u200b&#8221;<strong>O manejo florestal desenvolvido pela TRC \u00e9 o ponto de partida para falarmos sobre a \u00edntima rela\u00e7\u00e3o que ela possui com o meio ambiente.<\/strong><\/span><\/h3>\n<p><span class=\"fontSizeXLargePlus\">Hoje, conduzir monitoramentos acerca da biodiversidade e garantir que as rela\u00e7\u00f5es intra e interespec\u00edficas da cadeia sejam equilibradas, \u00e9 o grande objetivo que vem sendo alcan\u00e7ado\u00a0<strong>dentro do pilar da sustentabilidade<\/strong>, dos\u00a0<strong>princ\u00edpios do FSC\u00ae<\/strong>\u00a0e dos\u00a0<strong>valores<\/strong>\u00a0que a empresa possui.&#8221;<\/span><\/p>\n<p><strong>Karen Lameira<\/strong>\u00a0\u2013 Assistente Florestal \u2013 TRC unidade Par\u00e1[\/vc_column_text][\/vc_column][\/vc_row][vc_row][vc_column][vc_empty_space height=&#8221;40px&#8221;][\/vc_column][\/vc_row][vc_row][vc_column width=&#8221;2\/3&#8243;][vc_column_text]<span class=\"fontSizeXxxLarge\"><strong>A TRC em toda a cadeia do nosso meio ambiente!<\/strong><\/span><\/p>\n<p>\u200b\u200b\u200b\u200b\u200b\u200b\u200b<span class=\"fontSizeXLargePlus\">Os benef\u00edcios proporcionados pelas atividades que desenvolvemos s\u00e3o in\u00fameros, sendo o principal deles\u00a0<strong>a diminui\u00e7\u00e3o da press\u00e3o sobre os ecossistemas nativos<\/strong>, conseguindo\u00a0<strong>manter o fornecimento de mat\u00e9ria prima de forma respons\u00e1vel.<\/strong><\/span><\/p>\n<p><span class=\"fontSizeXLargePlus\"><strong>Contribuimos com:<\/strong><br \/>\n\u2022 A\u00a0<strong>preserva\u00e7\u00e3o<\/strong>\u00a0de ecossistemas;<br \/>\n\u2022 Redu\u00e7\u00e3o da explora\u00e7\u00e3o de\u00a0<strong>recursos naturais<\/strong>;<br \/>\n\u2022 Diminui\u00e7\u00e3o dos \u00edndices de\u00a0<strong>desmatamento;<\/strong><br \/>\n\u2022 A\u00a0redu\u00e7\u00e3o da\u00a0<strong>emiss\u00e3o de gases CO2<\/strong>\u00a0(efeito estufa);<br \/>\n\u2022 Contribui\u00e7\u00e3o para o\u00a0<strong>controle da biodiversidade<\/strong>;<br \/>\n\u2022 Controle de\u00a0<strong>eros\u00f5es e deslizamentos<\/strong>;<br \/>\n\u2022 Diminui\u00e7\u00e3o do\u00a0<strong>impacto sob a flora e fauna<\/strong>;<br \/>\n\u2022\u00a0<strong>Reaproveitamento das \u00e1reas degradadas<\/strong>\u00a0por outras atividades.<\/span>[\/vc_column_text][\/vc_column][vc_column width=&#8221;1\/3&#8243;][vc_single_image image=&#8221;1601&#8243; img_size=&#8221;full&#8221; add_caption=&#8221;yes&#8221; alignment=&#8221;center&#8221;][\/vc_column][\/vc_row][vc_row][vc_column][vc_empty_space height=&#8221;40px&#8221;][\/vc_column][\/vc_row][vc_row][vc_column width=&#8221;1\/3&#8243;][vc_single_image image=&#8221;1602&#8243; img_size=&#8221;full&#8221; add_caption=&#8221;yes&#8221; alignment=&#8221;center&#8221; style=&#8221;vc_box_rounded&#8221;][\/vc_column][vc_column width=&#8221;2\/3&#8243;][vc_column_text]<\/p>\n<h3><span class=\"fontSizeXxLarge\"><strong>&#8220;Aspectos como \u00e1gua, energia e biodiversidade s\u00e3o considerados em todas as opera\u00e7\u00f5es, reafirmando o nosso compromisso com a conserva\u00e7\u00e3o dos recursos naturais e com o controle e mitiga\u00e7\u00e3o de poss\u00edveis impactos ambientais.<\/strong><\/span><\/h3>\n<p><span class=\"fontSizeXLargePlus\">Todas as opera\u00e7\u00f5es da TRC consideram\u00a0<strong>aspectos ambientais e suas estrat\u00e9gias de mitiga\u00e7\u00e3o de impactos<\/strong>. Entre eles, est\u00e3o a conserva\u00e7\u00e3o das \u00e1reas naturais, o monitoramento de fauna, flora e recursos h\u00eddricos.<\/span><\/p>\n<p><span class=\"fontSizeXLargePlus\">Damos aten\u00e7\u00e3o especial \u00e0 prote\u00e7\u00e3o das nascentes e cursos d&#8217;\u00e1guas localizadas em nossas unidades de manejo e\u00a0<strong>reafirmamos sempre o nosso compromisso em produzir teca sustent\u00e1vel<\/strong>.&#8221;<\/span><\/p>\n<p><span class=\"fontSizeXLargePlus\"><strong>Rhaniele Dias<\/strong>\u00a0\u2013 Supervisora Ambiental \u2013 TRC unidade Mato Grosso<\/span>[\/vc_column_text][\/vc_column][\/vc_row][vc_row][vc_column][vc_empty_space height=&#8221;40px&#8221;][\/vc_column][\/vc_row][vc_row][vc_column width=&#8221;2\/3&#8243;][vc_single_image image=&#8221;1603&#8243; img_size=&#8221;full&#8221; add_caption=&#8221;yes&#8221; alignment=&#8221;center&#8221;][\/vc_column][vc_column width=&#8221;1\/3&#8243;][vc_column_text]<span class=\"fontSizeXLargePlus\">Neste e em todos os outros dias do ano,\u00a0<strong>a TRC reafirma seu compromisso com a conserva\u00e7\u00e3o e preserva\u00e7\u00e3o ambiental<\/strong>, trazendo informa\u00e7\u00f5es e a\u00e7\u00f5es voltadas para a sustentabilidade \u2013 com a participa\u00e7\u00e3o de todos os seus colaboradores, e construindo\u00a0<strong>um elo de confian\u00e7a com seus stakeholders, seus clientes e com toda a sociedade.<\/strong><\/span>[\/vc_column_text][\/vc_column][\/vc_row]<\/p>","protected":false},"excerpt":{"rendered":"<p>[vc_row][vc_column][vc_empty_space][vc_column_text]O\u00a0Dia Mundial do Meio Ambiente, comemorado anualmente no dia 5 de junho, foi institu\u00eddo pela Organiza\u00e7\u00e3o das Na\u00e7\u00f5es Unidas com o objetivo principal de chamar a aten\u00e7\u00e3o da popula\u00e7\u00e3o sobre os problemas ambientais e\u00a0a import\u00e2ncia de preservar o meio ambiente e os recursos naturais.[\/vc_column_text][vc_single_image image=&#8221;1597&#8243; img_size=&#8221;full&#8221; add_caption=&#8221;yes&#8221; alignment=&#8221;center&#8221;][vc_empty_space height=&#8221;40px&#8221;][\/vc_column][\/vc_row][vc_row][vc_column width=&#8221;1\/3&#8243;][vc_single_image image=&#8221;1598&#8243; img_size=&#8221;full&#8221; add_caption=&#8221;yes&#8221; alignment=&#8221;center&#8221;][\/vc_column][vc_column width=&#8221;2\/3&#8243;][vc_column_text]Um<\/p>\n","protected":false},"author":1,"featured_media":1606,"comment_status":"open","ping_status":"open","sticky":false,"template":"","format":"standard","meta":{"footnotes":""},"categories":[1],"tags":[],"class_list":["post-1596","post","type-post","status-publish","format-standard","has-post-thumbnail","hentry","category-sem-categoria","has-thumbnail"],"_links":{"self":[{"href":"https:\/\/www.teakrc.com\/pb\/wp-json\/wp\/v2\/posts\/1596","targetHints":{"allow":["GET"]}}],"collection":[{"href":"https:\/\/www.teakrc.com\/pb\/wp-json\/wp\/v2\/posts"}],"about":[{"href":"https:\/\/www.teakrc.com\/pb\/wp-json\/wp\/v2\/types\/post"}],"author":[{"embeddable":true,"href":"https:\/\/www.teakrc.com\/pb\/wp-json\/wp\/v2\/users\/1"}],"replies":[{"embeddable":true,"href":"https:\/\/www.teakrc.com\/pb\/wp-json\/wp\/v2\/comments?post=1596"}],"version-history":[{"count":7,"href":"https:\/\/www.teakrc.com\/pb\/wp-json\/wp\/v2\/posts\/1596\/revisions"}],"predecessor-version":[{"id":1611,"href":"https:\/\/www.teakrc.com\/pb\/wp-json\/wp\/v2\/posts\/1596\/revisions\/1611"}],"wp:featuredmedia":[{"embeddable":true,"href":"https:\/\/www.teakrc.com\/pb\/wp-json\/wp\/v2\/media\/1606"}],"wp:attachment":[{"href":"https:\/\/www.teakrc.com\/pb\/wp-json\/wp\/v2\/media?parent=1596"}],"wp:term":[{"taxonomy":"category","embeddable":true,"href":"https:\/\/www.teakrc.com\/pb\/wp-json\/wp\/v2\/categories?post=1596"},{"taxonomy":"post_tag","embeddable":true,"href":"https:\/\/www.teakrc.com\/pb\/wp-json\/wp\/v2\/tags?post=1596"}],"curies":[{"name":"wp","href":"https:\/\/api.w.org\/{rel}","templated":true}]}}