{"id":1588,"date":"2023-05-22T11:15:01","date_gmt":"2023-05-22T14:15:01","guid":{"rendered":"http:\/\/www.teakrc.com\/?p=1588"},"modified":"2023-05-22T11:15:31","modified_gmt":"2023-05-22T14:15:31","slug":"monitoramento-da-biodiversidade-na-trc","status":"publish","type":"post","link":"https:\/\/www.teakrc.com\/pb\/monitoramento-da-biodiversidade-na-trc\/","title":{"rendered":"Monitoramento da biodiversidade na TRC"},"content":{"rendered":"<p>[vc_row][vc_column][vc_empty_space][vc_column_text]A TRC \u00e9 uma empresa\u00a0<strong>comprometida com a conserva\u00e7\u00e3o do meio ambiente<\/strong>\u00a0e isso \u00e9 evidenciado atrav\u00e9s do monitoramento de fauna e flora nas \u00e1reas onde atuamos. Essa medida \u00e9 essencial para\u00a0<strong>garantir a manuten\u00e7\u00e3o do equil\u00edbrio ecol\u00f3gico e a preserva\u00e7\u00e3o da biodiversidade.<\/strong>[\/vc_column_text][vc_single_image image=&#8221;1590&#8243; img_size=&#8221;full&#8221; add_caption=&#8221;yes&#8221; alignment=&#8221;center&#8221;][vc_empty_space height=&#8221;40px&#8221;][\/vc_column][\/vc_row][vc_row][vc_column width=&#8221;1\/3&#8243;][vc_single_image image=&#8221;1589&#8243; img_size=&#8221;full&#8221; add_caption=&#8221;yes&#8221; alignment=&#8221;center&#8221;][\/vc_column][vc_column width=&#8221;2\/3&#8243;][vc_column_text]<span class=\"fontSizeXLargePlus\">O\u00a0<strong>monitoramento da fauna<\/strong>\u00a0consiste na\u00a0<strong>observa\u00e7\u00e3o sistem\u00e1tica e cont\u00ednua de animais<\/strong>. Esse processo permite avaliar o impacto das atividades humanas e auxilia na elabora\u00e7\u00e3o de estrat\u00e9gias para mitigar esses impactos.<\/span><\/p>\n<p><span class=\"fontSizeXLargePlus\">J\u00e1 o\u00a0<strong>monitoramento da flora<\/strong>\u00a0envolve o levantamento da diversidade de plantas presentes nas \u00e1reas de atua\u00e7\u00e3o da empresa, bem como o acompanhamento da\u00a0<strong>evolu\u00e7\u00e3o das comunidades vegetais<\/strong>\u00a0ao longo do tempo. Esse processo permite identificar a presen\u00e7a de esp\u00e9cies invasoras ou em risco de extin\u00e7\u00e3o e ajuda a definir a\u00e7\u00f5es para a\u00a0<strong>conserva\u00e7\u00e3o da flora local.<\/strong><\/span>[\/vc_column_text][\/vc_column][\/vc_row][vc_row][vc_column][vc_empty_space height=&#8221;40px&#8221;][\/vc_column][\/vc_row][vc_row][vc_column width=&#8221;2\/3&#8243;][vc_column_text]<span class=\"fontSizeXLargePlus\">Al\u00e9m disso,\u00a0<strong>a TRC segue todas as diretrizes ambientais regulamentadoras e pratica o manejo sustent\u00e1vel de suas terras.<\/strong>\u00a0Com isso, a empresa garante a prote\u00e7\u00e3o e a conserva\u00e7\u00e3o do meio ambiente, preservando os ecossistemas naturais.<\/span><\/p>\n<p><span class=\"fontSizeXLargePlus\"><strong>A TRC tem um compromisso firme com a preserva\u00e7\u00e3o do meio ambiente e a monitoria da fauna e flora em suas \u00e1reas de atua\u00e7\u00e3o \u00e9 uma prova disso.<\/strong><\/span><\/p>\n<p><span class=\"fontSizeXLargePlus\"><strong>\u200b\u200b\u200b\u200b\u200b\u200b\u200b<\/strong>Acompanhe o v\u00eddeo abaixo, desenvolvido pela TRC em parceria com a empresa Sumatra Intelig\u00eancia Ambiental, apresentado pela\u00a0<strong>Gleysla Fernandes e Karen Lameira<\/strong>, do departamento de Meio Ambiente e Certifica\u00e7\u00f5es da TRC.<\/span>[\/vc_column_text][\/vc_column][vc_column width=&#8221;1\/3&#8243;][vc_single_image image=&#8221;1591&#8243; img_size=&#8221;full&#8221; add_caption=&#8221;yes&#8221; alignment=&#8221;center&#8221;][\/vc_column][\/vc_row][vc_row][vc_column][vc_empty_space height=&#8221;40px&#8221;][vc_video link=&#8221;https:\/\/youtu.be\/eNMWr8mwWz4&#8243; align=&#8221;center&#8221;][\/vc_column][\/vc_row]<\/p>","protected":false},"excerpt":{"rendered":"<p>[vc_row][vc_column][vc_empty_space][vc_column_text]A TRC \u00e9 uma empresa\u00a0comprometida com a conserva\u00e7\u00e3o do meio ambiente\u00a0e isso \u00e9 evidenciado atrav\u00e9s do monitoramento de fauna e flora nas \u00e1reas onde atuamos. Essa medida \u00e9 essencial para\u00a0garantir a manuten\u00e7\u00e3o do equil\u00edbrio ecol\u00f3gico e a preserva\u00e7\u00e3o da biodiversidade.[\/vc_column_text][vc_single_image image=&#8221;1590&#8243; img_size=&#8221;full&#8221; add_caption=&#8221;yes&#8221; alignment=&#8221;center&#8221;][vc_empty_space height=&#8221;40px&#8221;][\/vc_column][\/vc_row][vc_row][vc_column width=&#8221;1\/3&#8243;][vc_single_image image=&#8221;1589&#8243; img_size=&#8221;full&#8221; add_caption=&#8221;yes&#8221; alignment=&#8221;center&#8221;][\/vc_column][vc_column width=&#8221;2\/3&#8243;][vc_column_text]O\u00a0monitoramento da fauna\u00a0consiste na\u00a0observa\u00e7\u00e3o sistem\u00e1tica<\/p>\n","protected":false},"author":1,"featured_media":1592,"comment_status":"open","ping_status":"open","sticky":false,"template":"","format":"standard","meta":{"footnotes":""},"categories":[1],"tags":[],"class_list":["post-1588","post","type-post","status-publish","format-standard","has-post-thumbnail","hentry","category-sem-categoria","has-thumbnail"],"_links":{"self":[{"href":"https:\/\/www.teakrc.com\/pb\/wp-json\/wp\/v2\/posts\/1588","targetHints":{"allow":["GET"]}}],"collection":[{"href":"https:\/\/www.teakrc.com\/pb\/wp-json\/wp\/v2\/posts"}],"about":[{"href":"https:\/\/www.teakrc.com\/pb\/wp-json\/wp\/v2\/types\/post"}],"author":[{"embeddable":true,"href":"https:\/\/www.teakrc.com\/pb\/wp-json\/wp\/v2\/users\/1"}],"replies":[{"embeddable":true,"href":"https:\/\/www.teakrc.com\/pb\/wp-json\/wp\/v2\/comments?post=1588"}],"version-history":[{"count":2,"href":"https:\/\/www.teakrc.com\/pb\/wp-json\/wp\/v2\/posts\/1588\/revisions"}],"predecessor-version":[{"id":1594,"href":"https:\/\/www.teakrc.com\/pb\/wp-json\/wp\/v2\/posts\/1588\/revisions\/1594"}],"wp:featuredmedia":[{"embeddable":true,"href":"https:\/\/www.teakrc.com\/pb\/wp-json\/wp\/v2\/media\/1592"}],"wp:attachment":[{"href":"https:\/\/www.teakrc.com\/pb\/wp-json\/wp\/v2\/media?parent=1588"}],"wp:term":[{"taxonomy":"category","embeddable":true,"href":"https:\/\/www.teakrc.com\/pb\/wp-json\/wp\/v2\/categories?post=1588"},{"taxonomy":"post_tag","embeddable":true,"href":"https:\/\/www.teakrc.com\/pb\/wp-json\/wp\/v2\/tags?post=1588"}],"curies":[{"name":"wp","href":"https:\/\/api.w.org\/{rel}","templated":true}]}}